{"id":229983,"date":"2025-08-25T15:39:56","date_gmt":"2025-08-25T18:39:56","guid":{"rendered":"https:\/\/www.365scores.com\/pt-br\/news\/magazine\/?p=229983"},"modified":"2025-08-25T16:16:03","modified_gmt":"2025-08-25T19:16:03","slug":"convocados-ancelotti-selecao-brasileira","status":"publish","type":"post","link":"https:\/\/www.365scores.com\/pt-br\/news\/magazine\/convocados-ancelotti-selecao-brasileira\/","title":{"rendered":"Com Paquet\u00e1 e Kaio Jorge, Ancelotti anuncia convocados da sele\u00e7\u00e3o brasileira"},"content":{"rendered":"\n<p>O t\u00e9cnico <strong>Carlo Ancelotti<\/strong> anunciou nesta segunda-feira (dia 26) os convocados da <a href=\"https:\/\/www.365scores.com\/pt-br\/football\/team\/brazil-2379\" target=\"_blank\" rel=\"noreferrer noopener\">sele\u00e7\u00e3o brasileira<\/a>&nbsp;para os dois \u00faltimos jogos das&nbsp;<a href=\"https:\/\/www.365scores.com\/pt-br\/football\/league\/conmebol-wc-qualification-613\" target=\"_blank\" rel=\"noreferrer noopener\">Eliminat\u00f3rias<\/a> da Copa do Mundo, contra Chile e Bol\u00edvia. O Brasil j\u00e1 est\u00e1 classificado.<\/p>\n\n\n\n<p>As novidades s\u00e3o <strong>Kaio Jorge<\/strong>, do Cruzeiro e <a href=\"https:\/\/www.365scores.com\/pt-br\/news\/magazine\/artilheiros-brasileirao\/\" target=\"_blank\" rel=\"noreferrer noopener\">artilheiro do Brasileir\u00e3o<\/a>, e a volta de <strong>Lucas Paquet\u00e1<\/strong>, do West Ham. Campe\u00e3o ol\u00edmpico na Rio-2016, <a href=\"https:\/\/www.365scores.com\/pt-br\/news\/magazine\/entrevista-exclusiva-douglas-santos-zenit-atletico-mg-nautico-brasil\/\" target=\"_blank\" rel=\"noreferrer noopener\">Douglas Santos<\/a> retorna \u00e0 Sele\u00e7\u00e3o ap\u00f3s nove anos.<\/p>\n\n\n\n<p><strong>Nove jogadores<\/strong> da primeira convoca\u00e7\u00e3o de Ancelotti n\u00e3o foram chamados desta vez: Danilo (Flamengo), Beraldo (PSG), L\u00e9o Ortiz (Flamengo), Carlos Augusto (Inter de Mil\u00e3o), Andreas Pereira (Fulham), Gerson (Zenit), \u00c9derson (Atalanta), Vinicius J\u00fanior (Real Madrid) e Antony (Betis).<\/p>\n\n\n\n<ul class=\"wp-block-list\">\n<li><strong>Brasil x Chile:<\/strong> <a href=\"https:\/\/www.365scores.com\/pt-br\/news\/magazine\/ingressos-brasil-x-chile\/\" target=\"_blank\" rel=\"noreferrer noopener\">Veja pre\u00e7os e onde comprar ingressos<\/a><\/li>\n\n\n\n<li><strong>Copa do Mundo:<\/strong> <a href=\"https:\/\/www.365scores.com\/pt-br\/news\/magazine\/sorteio-grupos-copa-mundo-2026\/\" target=\"_blank\" rel=\"noreferrer noopener\">Confira quando ser\u00e1 o sorteio dos grupos<\/a><\/li>\n<\/ul>\n\n\n\n<p>Em sua primeira lista, Ancelotti chamou sete jogadores que atuavam no futebol brasileiro. Agora, s\u00e3o quatro, sendo dois do Cruzeiro (Fabr\u00edcio Bruno e Kaio Jorge), um do Flamengo (Alex Sandro) e outro do Corinthians (<a href=\"https:\/\/www.365scores.com\/pt-br\/news\/magazine\/entrevista-hugo-souza-corinthians\/\" target=\"_blank\" rel=\"noreferrer noopener\">Hugo Souza<\/a>). <\/p>\n\n\n\n<h2 class=\"wp-block-heading\">Neymar fora<\/h2>\n\n\n\n<p>Com um edema na coxa esquerda, <strong>Neymar <\/strong>n\u00e3o foi convocado. O camisa 10 ainda n\u00e3o conseguiu emendar uma sequ\u00eancia de atua\u00e7\u00f5es pelo Santos, <a href=\"https:\/\/www.365scores.com\/pt-br\/news\/magazine\/ancelloti-explica-ausencia-de-neymar-e-comenta-mudancas-na-convocacao-conhecer-novos-atletas\/\" target=\"_blank\" rel=\"noreferrer noopener\">mas teve sua qualidade elogiada por Ancelotti<\/a>:<\/p>\n\n\n\n<p>&#8220;Neymar n\u00e3o est\u00e1, ele teve um pequeno problema na \u00faltima semana. Mas Neymar n\u00e3o precisamos test\u00e1-lo, todo mundo conhece Neymar, a comiss\u00e3o, a Sele\u00e7\u00e3o, os torcedores do Brasil conhecem Neymar&#8221;.<\/p>\n\n\n\n<figure class=\"wp-block-embed is-type-rich is-provider-twitter wp-block-embed-twitter\"><div class=\"wp-block-embed__wrapper\">\n<blockquote class=\"twitter-tweet\" data-width=\"500\" data-dnt=\"true\"><p lang=\"pt\" dir=\"ltr\">\ud83d\udea8SEM NEYMAR<br><br>Ancelotti explica a n\u00e3o convoca\u00e7\u00e3o de Neymar! <br>Veja:<br><br>\ud83c\udfa5<a href=\"https:\/\/twitter.com\/calvino_fc?ref_src=twsrc%5Etfw\" target=\"_blank\" rel=\"noopener\">@calvino_fc<\/a> <a href=\"https:\/\/t.co\/w6dTBrQZRv\">pic.twitter.com\/w6dTBrQZRv<\/a><\/p>&mdash; 365Scores Brasil (@365ScoresBR) <a href=\"https:\/\/twitter.com\/365ScoresBR\/status\/1960052970898485318?ref_src=twsrc%5Etfw\" target=\"_blank\" rel=\"noopener\">August 25, 2025<\/a><\/blockquote><script async src=\"https:\/\/platform.twitter.com\/widgets.js\" charset=\"utf-8\"><\/script>\n<\/div><\/figure>\n\n\n\n<h2 class=\"wp-block-heading\">Quando ser\u00e3o os jogos?<\/h2>\n\n\n\n<p>O Brasil vai jogar contra o <strong>Chile <\/strong>no dia 4 de setembro, \u00e0s 21h30, no Maracan\u00e3. Depois, visita a <strong>Bol\u00edvia <\/strong>no dia 9 de setembro, \u00e0s 20h30, em El Alto, que fica a 4.100 metros acima do n\u00edvel do mar.<\/p>\n\n\n\n<ul class=\"wp-block-list\">\n<li><strong>Exclusiva com Hugo Souza:<\/strong>&nbsp;<a href=\"https:\/\/www.365scores.com\/pt-br\/news\/magazine\/entrevista-hugo-souza-corinthians\/\" target=\"_blank\" rel=\"noreferrer noopener\">Goleiro do Corinthians fala sobre sonho com Copa do Mundo<\/a><\/li>\n\n\n\n<li><strong>Passaporte carimbado:<\/strong> <a href=\"https:\/\/www.365scores.com\/pt-br\/news\/magazine\/confira-as-selecoes-ja-classificadas-para-a-copa-do-mundo-de-2026\/\" target=\"_blank\" rel=\"noreferrer noopener\">Veja as sele\u00e7\u00f5es j\u00e1 classificadas para a Copa de 2026<\/a><\/li>\n<\/ul>\n\n\n\n<h2 class=\"wp-block-heading\">Confira a lista de convocados:<\/h2>\n\n\n\n<p><strong>Goleiros<\/strong><\/p>\n\n\n\n<ul class=\"wp-block-list\">\n<li>Alisson (Liverpool)<\/li>\n\n\n\n<li>Bento (Al-Nassr)<\/li>\n\n\n\n<li>Hugo Souza (Corinthians)<\/li>\n<\/ul>\n\n\n\n<p><strong>Laterais<\/strong><\/p>\n\n\n\n<ul class=\"wp-block-list\">\n<li>Alex Sandro (Flamengo)<\/li>\n\n\n\n<li>Caio Henrique (Monaco)<\/li>\n\n\n\n<li>Vanderson (Monaco)<\/li>\n\n\n\n<li>Wesley (Roma)<\/li>\n<\/ul>\n\n\n\n<p><strong>Zagueiros<\/strong><\/p>\n\n\n\n<ul class=\"wp-block-list\">\n<li>Marquinhos (PSG)<\/li>\n\n\n\n<li>Alexsandro (Lille)<\/li>\n\n\n\n<li>Douglas Santos (Zenit)<\/li>\n\n\n\n<li>Fabr\u00edcio Bruno (Cruzeiro)<\/li>\n\n\n\n<li>Gabriel Magalh\u00e3es (Arsenal)<\/li>\n<\/ul>\n\n\n\n<p><strong>Volantes\/Meias<\/strong><\/p>\n\n\n\n<ul class=\"wp-block-list\">\n<li>Andrey Santos (Chelsea)<\/li>\n\n\n\n<li>Bruno Guimar\u00e3es (Newcastle)<\/li>\n\n\n\n<li>Casemiro (Manchester United)<\/li>\n\n\n\n<li>Joelinton (Newcastle)<\/li>\n\n\n\n<li>Lucas Paquet\u00e1 (West Ham)<\/li>\n<\/ul>\n\n\n\n<p><strong>Atacantes<\/strong><\/p>\n\n\n\n<ul class=\"wp-block-list\">\n<li>Est\u00eav\u00e3o (Chelsea)<\/li>\n\n\n\n<li>Gabriel Martinelli (Arsenal)<\/li>\n\n\n\n<li>Jo\u00e3o Pedro (Chelsea)<\/li>\n\n\n\n<li>Kaio Jorge (Cruzeiro)<\/li>\n\n\n\n<li>Luiz Henrique (Zenit)<\/li>\n\n\n\n<li>Matheus Cunha (Manchester United)<\/li>\n\n\n\n<li>Raphinha (Barcelona)<\/li>\n\n\n\n<li>Richarlison (Tottenham)<\/li>\n<\/ul>\n\n\n\n<figure class=\"wp-block-image size-full\"><img loading=\"lazy\" decoding=\"async\" width=\"680\" height=\"680\" src=\"https:\/\/www.365scores.com\/pt-br\/news\/magazine\/wp-content\/uploads\/2025\/08\/lista-Ancelotti.jpg\" alt=\"\" class=\"wp-image-230162\" srcset=\"https:\/\/www.365scores.com\/pt-br\/news\/magazine\/wp-content\/uploads\/2025\/08\/lista-Ancelotti.jpg 680w, https:\/\/www.365scores.com\/pt-br\/news\/magazine\/wp-content\/uploads\/2025\/08\/lista-Ancelotti-300x300.jpg 300w, https:\/\/www.365scores.com\/pt-br\/news\/magazine\/wp-content\/uploads\/2025\/08\/lista-Ancelotti-150x150.jpg 150w\" sizes=\"auto, (max-width: 680px) 100vw, 680px\" \/><\/figure>\n\n\n\n<p><strong><em>Quer saber onde assistir aos&nbsp;<\/em><\/strong><a href=\"https:\/\/www.365scores.com\/pt-br\/where-to-watch\" target=\"_blank\" rel=\"noreferrer noopener\"><strong><em>jogos de futebol hoje na TV<\/em><\/strong><\/a><strong><em>? Fique por dentro acessando o site do 365scores: resultado ao vivo,&nbsp;<\/em><\/strong><a href=\"https:\/\/www.365scores.com\/pt-br\/football\/live\" target=\"_blank\" rel=\"noreferrer noopener\"><strong><em>jogos em andamento<\/em><\/strong><\/a><strong><em>&nbsp;e muito mais!<\/em><\/strong><\/p>\n","protected":false},"excerpt":{"rendered":"<p>O t\u00e9cnico Carlo Ancelotti anunciou nesta segunda-feira (dia 26) os convocados da sele\u00e7\u00e3o brasileira&nbsp;para os dois \u00faltimos jogos das&nbsp;Eliminat\u00f3rias da Copa do Mundo, contra Chile e Bol\u00edvia. O Brasil j\u00e1 est\u00e1 classificado. As novidades s\u00e3o Kaio Jorge, do Cruzeiro e artilheiro do Brasileir\u00e3o, e a volta de Lucas Paquet\u00e1, do West Ham. Campe\u00e3o ol\u00edmpico na &hellip;<\/p>\n","protected":false},"author":50,"featured_media":230193,"comment_status":"closed","ping_status":"open","sticky":false,"template":"","format":"standard","meta":{"footnotes":""},"categories":[1117,1143],"tags":[1499,183],"content-tags":[1430],"article_type":[1460],"entity_type":[1466],"inspiration":[1473],"class_list":["post-229983","post","type-post","status-publish","format-standard","has-post-thumbnail","hentry","category-selecao","category-eliminatorias-da-copa","tag-ancelotti","tag-futebol-internacional","content-tags-squad-announce","article_type-news","entity_type-competition","inspiration-365s-articles"],"_links":{"self":[{"href":"https:\/\/www.365scores.com\/pt-br\/news\/magazine\/wp-json\/wp\/v2\/posts\/229983","targetHints":{"allow":["GET"]}}],"collection":[{"href":"https:\/\/www.365scores.com\/pt-br\/news\/magazine\/wp-json\/wp\/v2\/posts"}],"about":[{"href":"https:\/\/www.365scores.com\/pt-br\/news\/magazine\/wp-json\/wp\/v2\/types\/post"}],"author":[{"embeddable":true,"href":"https:\/\/www.365scores.com\/pt-br\/news\/magazine\/wp-json\/wp\/v2\/users\/50"}],"replies":[{"embeddable":true,"href":"https:\/\/www.365scores.com\/pt-br\/news\/magazine\/wp-json\/wp\/v2\/comments?post=229983"}],"version-history":[{"count":5,"href":"https:\/\/www.365scores.com\/pt-br\/news\/magazine\/wp-json\/wp\/v2\/posts\/229983\/revisions"}],"predecessor-version":[{"id":230210,"href":"https:\/\/www.365scores.com\/pt-br\/news\/magazine\/wp-json\/wp\/v2\/posts\/229983\/revisions\/230210"}],"wp:featuredmedia":[{"embeddable":true,"href":"https:\/\/www.365scores.com\/pt-br\/news\/magazine\/wp-json\/wp\/v2\/media\/230193"}],"wp:attachment":[{"href":"https:\/\/www.365scores.com\/pt-br\/news\/magazine\/wp-json\/wp\/v2\/media?parent=229983"}],"wp:term":[{"taxonomy":"category","embeddable":true,"href":"https:\/\/www.365scores.com\/pt-br\/news\/magazine\/wp-json\/wp\/v2\/categories?post=229983"},{"taxonomy":"post_tag","embeddable":true,"href":"https:\/\/www.365scores.com\/pt-br\/news\/magazine\/wp-json\/wp\/v2\/tags?post=229983"},{"taxonomy":"content-tags","embeddable":true,"href":"https:\/\/www.365scores.com\/pt-br\/news\/magazine\/wp-json\/wp\/v2\/content-tags?post=229983"},{"taxonomy":"article_type","embeddable":true,"href":"https:\/\/www.365scores.com\/pt-br\/news\/magazine\/wp-json\/wp\/v2\/article_type?post=229983"},{"taxonomy":"entity_type","embeddable":true,"href":"https:\/\/www.365scores.com\/pt-br\/news\/magazine\/wp-json\/wp\/v2\/entity_type?post=229983"},{"taxonomy":"inspiration","embeddable":true,"href":"https:\/\/www.365scores.com\/pt-br\/news\/magazine\/wp-json\/wp\/v2\/inspiration?post=229983"}],"curies":[{"name":"wp","href":"https:\/\/api.w.org\/{rel}","templated":true}]}}