{"id":200864,"date":"2024-11-04T13:14:41","date_gmt":"2024-11-04T16:14:41","guid":{"rendered":"https:\/\/www.365scores.com\/pt-br\/news\/magazine\/?p=200864"},"modified":"2024-11-04T13:14:43","modified_gmt":"2024-11-04T16:14:43","slug":"deyverson-exalta-alan-kardec-apos-gol-na-copa-do-brasil-meu-idolo","status":"publish","type":"post","link":"https:\/\/www.365scores.com\/pt-br\/news\/magazine\/deyverson-exalta-alan-kardec-apos-gol-na-copa-do-brasil-meu-idolo\/","title":{"rendered":"Deyverson exalta Alan Kardec ap\u00f3s gol na Copa do Brasil: &#8220;Meu \u00eddolo&#8221;"},"content":{"rendered":"\n<p>O atacante <a href=\"https:\/\/www.365scores.com\/pt-br\/football\/player\/deyverson-10528\" target=\"_blank\" rel=\"noreferrer noopener\">Deyverson <\/a>exaltou o companheiro Alan Kardec ap\u00f3s o gol na Copa do Brasil. O camisa 14 do Galo marcou o tento para tirar a vantagem do Flamengo, que ia vencendo a partida por 3 a 0.<\/p>\n\n\n\n<p>Nas redes sociais, Deyverson, que n\u00e3o entrou em campo, exaltou o companheiro. Em um story, Deivin compartilhou a imagem do gol marcado por Kardec e escreveu:  &#8220;Merece demais, papai. Meu \u00eddolo&#8221;.<\/p>\n\n\n\n<p>Em outra publica\u00e7\u00e3o, Deyverson compartilhou a fala de Kardec a respeito de voltar a marcar gols importantes. O atacante ent\u00e3o escreveu: &#8220;Irm\u00e3o, voc\u00ea \u00e9 refer\u00eancia demais. Meu \u00eddolo&#8221;. <\/p>\n\n\n\n<figure class=\"wp-block-image size-full\"><img loading=\"lazy\" decoding=\"async\" width=\"443\" height=\"793\" src=\"https:\/\/www.365scores.com\/pt-br\/news\/magazine\/wp-content\/uploads\/2024\/11\/deyvin.png\" alt=\"\" class=\"wp-image-200866\" srcset=\"https:\/\/www.365scores.com\/pt-br\/news\/magazine\/wp-content\/uploads\/2024\/11\/deyvin.png 443w, https:\/\/www.365scores.com\/pt-br\/news\/magazine\/wp-content\/uploads\/2024\/11\/deyvin-168x300.png 168w\" sizes=\"auto, (max-width: 443px) 100vw, 443px\" \/><\/figure>\n\n\n\n<p>Por j\u00e1 ter defendido o Cuiab\u00e1 nesta edi\u00e7\u00e3o da Copa do Brasil, Deyverson n\u00e3o pode estar em campo na grande decis\u00e3o diante do Flamengo. No entanto, o atleta permaneceu em um camarote no Maracan\u00e3, onde foi<a href=\"https:\/\/www.365scores.com\/pt-br\/news\/magazine\/deyverson-discute-com-seguranca-no-maracana-apos-jogo-da-copa-do-brasil\/\" target=\"_blank\" rel=\"noreferrer noopener\"> flagrado discutindo com seguran\u00e7as e provocando a torcida flamenguista<\/a> com uma tatuagem da Libertadores.<\/p>\n\n\n\n<p><em><strong>Para saber tudo sobre os <\/strong><\/em><a href=\"https:\/\/www.365scores.com\/pt-br\/football\/live\"><strong><em>jogos ao vivo <\/em><\/strong><\/a><em><strong>do futebol brasileiro e do mundo de hoje, acesse o 365Scores. Acompanhe as classifica\u00e7\u00f5es, transfer\u00eancias, rumores, not\u00edcias, estat\u00edsticas e muito mais!<\/strong><\/em><\/p>\n","protected":false},"excerpt":{"rendered":"<p>O atacante Deyverson exaltou o companheiro Alan Kardec ap\u00f3s o gol na Copa do Brasil. O camisa 14 do Galo marcou o tento para tirar a vantagem do Flamengo, que ia vencendo a partida por 3 a 0. Nas redes sociais, Deyverson, que n\u00e3o entrou em campo, exaltou o companheiro. Em um story, Deivin compartilhou &hellip;<\/p>\n","protected":false},"author":7,"featured_media":197601,"comment_status":"closed","ping_status":"open","sticky":false,"template":"","format":"standard","meta":{"footnotes":""},"categories":[1115,1304],"tags":[363],"content-tags":[1346],"article_type":[],"entity_type":[],"inspiration":[],"class_list":["post-200864","post","type-post","status-publish","format-standard","has-post-thumbnail","hentry","category-bastidores-da-bola","category-bastidores-da-bola-bastidores-da-bola","tag-deyverson","content-tags-general-news"],"_links":{"self":[{"href":"https:\/\/www.365scores.com\/pt-br\/news\/magazine\/wp-json\/wp\/v2\/posts\/200864","targetHints":{"allow":["GET"]}}],"collection":[{"href":"https:\/\/www.365scores.com\/pt-br\/news\/magazine\/wp-json\/wp\/v2\/posts"}],"about":[{"href":"https:\/\/www.365scores.com\/pt-br\/news\/magazine\/wp-json\/wp\/v2\/types\/post"}],"author":[{"embeddable":true,"href":"https:\/\/www.365scores.com\/pt-br\/news\/magazine\/wp-json\/wp\/v2\/users\/7"}],"replies":[{"embeddable":true,"href":"https:\/\/www.365scores.com\/pt-br\/news\/magazine\/wp-json\/wp\/v2\/comments?post=200864"}],"version-history":[{"count":0,"href":"https:\/\/www.365scores.com\/pt-br\/news\/magazine\/wp-json\/wp\/v2\/posts\/200864\/revisions"}],"wp:featuredmedia":[{"embeddable":true,"href":"https:\/\/www.365scores.com\/pt-br\/news\/magazine\/wp-json\/wp\/v2\/media\/197601"}],"wp:attachment":[{"href":"https:\/\/www.365scores.com\/pt-br\/news\/magazine\/wp-json\/wp\/v2\/media?parent=200864"}],"wp:term":[{"taxonomy":"category","embeddable":true,"href":"https:\/\/www.365scores.com\/pt-br\/news\/magazine\/wp-json\/wp\/v2\/categories?post=200864"},{"taxonomy":"post_tag","embeddable":true,"href":"https:\/\/www.365scores.com\/pt-br\/news\/magazine\/wp-json\/wp\/v2\/tags?post=200864"},{"taxonomy":"content-tags","embeddable":true,"href":"https:\/\/www.365scores.com\/pt-br\/news\/magazine\/wp-json\/wp\/v2\/content-tags?post=200864"},{"taxonomy":"article_type","embeddable":true,"href":"https:\/\/www.365scores.com\/pt-br\/news\/magazine\/wp-json\/wp\/v2\/article_type?post=200864"},{"taxonomy":"entity_type","embeddable":true,"href":"https:\/\/www.365scores.com\/pt-br\/news\/magazine\/wp-json\/wp\/v2\/entity_type?post=200864"},{"taxonomy":"inspiration","embeddable":true,"href":"https:\/\/www.365scores.com\/pt-br\/news\/magazine\/wp-json\/wp\/v2\/inspiration?post=200864"}],"curies":[{"name":"wp","href":"https:\/\/api.w.org\/{rel}","templated":true}]}}