{"id":139199,"date":"2026-03-13T23:42:57","date_gmt":"2026-03-14T02:42:57","guid":{"rendered":"https:\/\/www.365scores.com\/es\/news\/?p=139199"},"modified":"2026-03-13T23:44:36","modified_gmt":"2026-03-14T02:44:36","slug":"por-que-stefan-medina-no-jugara-juarez","status":"publish","type":"post","link":"https:\/\/www.365scores.com\/es\/news\/por-que-stefan-medina-no-jugara-juarez\/","title":{"rendered":"Por qu\u00e9 Stefan Medina no jugar\u00e1 Ju\u00e1rez vs Monterrey por la Liga MX"},"content":{"rendered":"\n<p>El partido <strong><a href=\"https:\/\/www.365scores.com\/es-mx\/football\/match\/liga-mx-141\/juarez-monterrey-1257-25149-141#id=4633022\">Ju\u00e1rez vs Monterrey<\/a><\/strong> por la fecha 11 de la <a href=\"https:\/\/www.365scores.com\/es-mx\/football\/league\/liga-mx-141\">Liga MX<\/a> tendr\u00e1 una baja importante en el conjunto regio. El defensor colombiano <strong>Stefan Medina<\/strong> no estar\u00e1 disponible para este compromiso en la frontera, lo que representa un problema para el equipo en un momento clave de la temporada.<\/p>\n\n\n\n<p>Mediante sus redes oficiales, Monterrey confirm\u00f3 que el zaguero cafetero <strong>no estar\u00e1 en el compromiso y ni siquiera realiz\u00f3 el viaje<\/strong>, por lo que qued\u00f3 descartado para este encuentro del campeonato mexicano.<\/p>\n\n\n\n<p>Recuerda que toda la informaci\u00f3n la puedes encontrar en nuestra web y en nuestra app. El calendario m\u00e1s detallado y los horarios alrededor de todo el mundo.&nbsp;<strong>Inf\u00f3rmate sobre los&nbsp;<a href=\"https:\/\/www.365scores.com\/es-mx\/football\/league\/liga-mx-141\/matches#fixtures\">partidos de la Liga MX<\/a>&nbsp;en 365Scores.<\/strong>&nbsp;<strong><a href=\"https:\/\/promo.bwin.co\/es\/promo\/p\/sports\/bono-bienvenida?trackerId=5459066&amp;tdpeh=Platform-Web_Context-Magazine_Offer-CTABox_Country-Colombia&amp;btag=301645\" rel=\"noopener\">\u00a1Es hora de jugar y ganar!<\/a><\/strong><\/p>\n\n\n\n<h2 class=\"wp-block-heading\">La lesi\u00f3n que sufri\u00f3 Stefan Medina<\/h2>\n\n\n\n<p>El defensor colombiano present\u00f3 <strong>una lesi\u00f3n en el aductor de la pierna derecha<\/strong>, molestia que apareci\u00f3 durante el encuentro de los octavos de final de la CONCACAF Champions Cup entre Monterrey vs Cruz Azul.<\/p>\n\n\n\n<p>Ese partido dej\u00f3 una escena particular, ya que Medina termin\u00f3 ocupando la porter\u00eda de su equipo durante algunos minutos. Esto ocurri\u00f3 luego de la <strong>expulsi\u00f3n del guardameta titular Mele<\/strong>, situaci\u00f3n que oblig\u00f3 al colombiano a ponerse los guantes para cubrir el arco en el cierre del encuentro.<\/p>\n\n\n\n<p>Fue en ese mismo compromiso cuando el defensor comenz\u00f3 a sentir las molestias f\u00edsicas que finalmente lo dejaron fuera del duelo ante Ju\u00e1rez.<\/p>\n\n\n\n<h2 class=\"wp-block-heading\">Monterrey no detall\u00f3 el tiempo de baja de Medina <\/h2>\n\n\n\n<p>En el comunicado oficial del club no se especifica <strong>cu\u00e1nto tiempo estar\u00e1 fuera Stefan Medina<\/strong>, por lo que todav\u00eda existe incertidumbre respecto a su recuperaci\u00f3n.<\/p>\n\n\n\n<p>Esta situaci\u00f3n genera preocupaci\u00f3n en Monterrey, especialmente porque el equipo atraviesa <strong>un tramo importante de la temporada<\/strong>, en el que debe competir tanto en la Liga MX como en la CONCACAF Champions Cup.<\/p>\n\n\n\n<p>Por ahora, el conjunto regio deber\u00e1 afrontar el duelo ante Ju\u00e1rez sin uno de sus defensores habituales, mientras se espera conocer la evoluci\u00f3n del futbolista colombiano en los pr\u00f3ximos d\u00edas.<\/p>\n\n\n\n<h2 class=\"wp-block-heading\">Horarios del Ju\u00e1rez vs Monterrey<\/h2>\n\n\n\n<ul class=\"wp-block-list\">\n<li><strong>Argentina, Chile, Paraguay y Uruguay<\/strong>:\u00a000:00 hs<\/li>\n\n\n\n<li><strong>Bolivia, Puerto Rico, Rep\u00fablica Dominicana, Venezuela:<\/strong>\u00a023:00 hs<\/li>\n\n\n\n<li><strong>Colombia, Per\u00fa, Panam\u00e1, Ecuador:<\/strong>\u00a022:00 hs<\/li>\n\n\n\n<li><strong>M\u00e9xico, Guatemala, Nicaragua, Costa Rica, El Salvador y Honduras:<\/strong>\u00a021:00 hs<\/li>\n\n\n\n<li><strong>Eastern Time (Costa Este):<\/strong>\u00a023:00 hs<\/li>\n\n\n\n<li><strong>Central Time:<\/strong>\u00a022:00 hs<\/li>\n\n\n\n<li><strong>Mountain Time:<\/strong>\u00a021:00 hs<\/li>\n\n\n\n<li><strong>Pacific Time (Costa Oeste):<\/strong>\u00a020:00 hs<\/li>\n<\/ul>\n\n\n\n<h3 class=\"wp-block-heading\">Detalles del partido<\/h3>\n\n\n\n<ul class=\"wp-block-list\">\n<li>Partido: Juarez vs Monterrey<\/li>\n\n\n\n<li>Fecha: viernes, 13 de marzo de 2026<\/li>\n\n\n\n<li>Lugar: Estadio Ol\u00edmpico Benito Ju\u00e1rez<\/li>\n\n\n\n<li>Capacidad del estadio: 19703 espectadores<\/li>\n<\/ul>\n\n\n\n<p>Sigue&nbsp;<a href=\"https:\/\/www.365scores.com\/es-mx\/football\/league\/liga-mx-141\">mis marcadores en vivo de la LigaMX<\/a>. En 365Scores encuentras partidos en vivo, tabla de goleadores, resultados,&nbsp;<a href=\"https:\/\/www.365scores.com\/es-mx\/football\/league\/liga-mx-141\/standings\">posiciones de la LigaMX<\/a>&nbsp;y m\u00e1s.<\/p>\n","protected":false},"excerpt":{"rendered":"<p>El partido Ju\u00e1rez vs Monterrey por la fecha 11 de la Liga MX tendr\u00e1 una baja importante en el conjunto regio. El defensor colombiano Stefan Medina no estar\u00e1 disponible para este compromiso en la frontera, lo que representa un problema para el equipo en un momento clave de la temporada. Mediante sus redes oficiales, Monterrey &hellip;<\/p>\n","protected":false},"author":32,"featured_media":139201,"comment_status":"closed","ping_status":"open","sticky":false,"template":"","format":"standard","meta":{"footnotes":""},"categories":[1,37,115],"tags":[4089],"content-tags":[4080,4019,4119],"class_list":["post-139199","post","type-post","status-publish","format-standard","has-post-thumbnail","hentry","category-futbol","category-futbol-latinoamericano","category-ligamx","tag-liga-mx-noticias","content-tags-ai-assisted","content-tags-athlete-news","content-tags-live-reaction","article_type-seo","entity_type-athlete","inspiration-relevancy-trending"],"_links":{"self":[{"href":"https:\/\/www.365scores.com\/es\/news\/wp-json\/wp\/v2\/posts\/139199","targetHints":{"allow":["GET"]}}],"collection":[{"href":"https:\/\/www.365scores.com\/es\/news\/wp-json\/wp\/v2\/posts"}],"about":[{"href":"https:\/\/www.365scores.com\/es\/news\/wp-json\/wp\/v2\/types\/post"}],"author":[{"embeddable":true,"href":"https:\/\/www.365scores.com\/es\/news\/wp-json\/wp\/v2\/users\/32"}],"replies":[{"embeddable":true,"href":"https:\/\/www.365scores.com\/es\/news\/wp-json\/wp\/v2\/comments?post=139199"}],"version-history":[{"count":3,"href":"https:\/\/www.365scores.com\/es\/news\/wp-json\/wp\/v2\/posts\/139199\/revisions"}],"predecessor-version":[{"id":139210,"href":"https:\/\/www.365scores.com\/es\/news\/wp-json\/wp\/v2\/posts\/139199\/revisions\/139210"}],"wp:featuredmedia":[{"embeddable":true,"href":"https:\/\/www.365scores.com\/es\/news\/wp-json\/wp\/v2\/media\/139201"}],"wp:attachment":[{"href":"https:\/\/www.365scores.com\/es\/news\/wp-json\/wp\/v2\/media?parent=139199"}],"wp:term":[{"taxonomy":"category","embeddable":true,"href":"https:\/\/www.365scores.com\/es\/news\/wp-json\/wp\/v2\/categories?post=139199"},{"taxonomy":"post_tag","embeddable":true,"href":"https:\/\/www.365scores.com\/es\/news\/wp-json\/wp\/v2\/tags?post=139199"},{"taxonomy":"content-tags","embeddable":true,"href":"https:\/\/www.365scores.com\/es\/news\/wp-json\/wp\/v2\/content-tags?post=139199"}],"curies":[{"name":"wp","href":"https:\/\/api.w.org\/{rel}","templated":true}]}}